{"id":632,"date":"2019-12-19T12:53:53","date_gmt":"2019-12-19T12:53:53","guid":{"rendered":"http:\/\/rayo-optics.com?p=632"},"modified":"2020-04-29T16:05:48","modified_gmt":"2020-04-29T16:05:48","slug":"la-proteccion-solar-en-ninos-y-ninas","status":"publish","type":"post","link":"https:\/\/rayo-optics.com\/es\/la-proteccion-solar-en-ninos-y-ninas","title":{"rendered":"La protecci\u00f3n solar en ni\u00f1os y ni\u00f1as"},"content":{"rendered":"<p><div class=\"fusion-fullwidth fullwidth-box fusion-builder-row-1 fusion-parallax-none hundred-percent-fullwidth non-hundred-percent-height-scrolling\" style=\"background-color: rgba(255,255,255,0);background-image: url(&quot;http:\/\/rayo-optics.com\/wp-content\/uploads\/2019\/09\/optica_proteccio_esportiva.jpg&quot;);background-position: center center;background-repeat: no-repeat;padding-top:250px;padding-right:0px;padding-bottom:30px;padding-left:0px;margin-bottom: 0px;margin-top: 0px;border-width: 0px 0px 0px 0px;border-color:#eae9e9;border-style:solid;-webkit-background-size:cover;-moz-background-size:cover;-o-background-size:cover;background-size:cover;\" ><div class=\"fusion-builder-row fusion-row\"><div class=\"fusion-layout-column fusion_builder_column fusion-builder-column-0 fusion_builder_column_1_1 1_1 fusion-one-full fusion-column-first fusion-column-last\" style=\"margin-top:0px;margin-bottom:20px;\"><div class=\"fusion-column-wrapper fusion-flex-column-wrapper-legacy\" style=\"background-position:left top;background-repeat:no-repeat;-webkit-background-size:cover;-moz-background-size:cover;-o-background-size:cover;background-size:cover;padding: 0px 0px 0px 0px;\"><div class=\"fusion-clearfix\"><\/div><\/div><\/div><\/div><\/div><div class=\"fusion-fullwidth fullwidth-box fusion-builder-row-2 nonhundred-percent-fullwidth non-hundred-percent-height-scrolling\" style=\"background-color: rgba(255,255,255,0);background-position: center center;background-repeat: no-repeat;padding-top:0px;padding-right:0px;padding-bottom:0px;padding-left:0px;margin-bottom: 0px;margin-top: 0px;border-width: 0px 0px 0px 0px;border-color:#eae9e9;border-style:solid;\" ><div class=\"fusion-builder-row fusion-row\"><div class=\"fusion-layout-column fusion_builder_column fusion-builder-column-1 fusion_builder_column_1_1 1_1 fusion-one-full fusion-column-first fusion-column-last\" style=\"margin-top:0px;margin-bottom:20px;\"><div class=\"fusion-column-wrapper fusion-flex-column-wrapper-legacy\" style=\"background-position:left top;background-repeat:no-repeat;-webkit-background-size:cover;-moz-background-size:cover;-o-background-size:cover;background-size:cover;padding: 0px 0px 0px 0px;\"><div class=\"fusion-sep-clear\"><\/div><div class=\"fusion-separator fusion-full-width-sep\" style=\"margin-left: auto;margin-right: auto;margin-top:30px;width:100%;\"><\/div><div class=\"fusion-sep-clear\"><\/div><style type=\"text\/css\"><\/style><div class=\"fusion-title title fusion-title-1 fusion-sep-none fusion-title-text fusion-title-size-one\" style=\"margin-top:0px;margin-right:0px;margin-bottom:31px;margin-left:0px;\"><h1 class=\"title-heading-left\" style=\"margin:0;\"><p style=\"text-align: center;\">La protecci\u00f3n solar en ni\u00f1os y ni\u00f1as<\/p><\/h1><\/div><div class=\"fusion-text fusion-text-1\"><p>En este art\u00edculo os queremos informar de la importancia de proteger la piel y los ojos de las radiaciones solares, especialmente en el caso de los ni\u00f1os y las ni\u00f1as.<\/p>\n<p>El sol es la estrella que permite que haya vida en nuestro planeta. Nos env\u00eda ondas electromagn\u00e9ticas de diferente longitud; las m\u00e1s nocivas y letales son las de menor longitud de onda, como los rayos gamma y los rayos X. Ambos se filtran gracias a las diferentes capas de la atm\u00f3sfera. A la superficie terrestre nos llega una peque\u00f1a parte de rayos UVB y UVA. Estos suponen la radiaci\u00f3n que permite la inducci\u00f3n de la producci\u00f3n de la vitamina D, pero en exposiciones prolongadas pueden provocar patolog\u00edas oculares y cut\u00e1neas graves. La luz tambi\u00e9n es una onda electromagn\u00e9tica que nos llega y hace posible la existencia de vegetaci\u00f3n en el planeta Tierra. Permite la fotos\u00edntesis y estimula los conos y bastones de la retina para aportarnos el sentido de la visi\u00f3n. Los infrarrojos son ondas electromagn\u00e9ticas de longitud m\u00e1s larga que permiten mantener la temperatura \u00f3ptima para que se desarrolle la vida.<\/p>\n<p>Durante los d\u00edas nublados tenemos menos luz y menos infrarrojos, ya que estas ondas electromagn\u00e9ticas m\u00e1s largas son filtradas por las nubes. Esto provoca la bajada de temperaturas, pero no evita que nos llegue una cantidad pr\u00e1cticamente igual de rayos UVB y UVA. La \u00fanica protecci\u00f3n natural de los ojos ante el sol es el cristalino, pero siempre hay radiaciones que acaban llegando a la retina. Los beb\u00e9s y reci\u00e9n nacidos cuentan con un cristalino embrionario que va aumentando de grosor a medida que crecen. Por lo tanto, est\u00e1n m\u00e1s expuestos que los adultos a las radiaciones UVB y UVA. Las gafas de sol ofrecen protecci\u00f3n contra tumores de p\u00e1rpado como el carcinoma vasocelular, el melanoma uveal (que es el tumor primario maligno intraocular m\u00e1s frecuente en adultos) y el retinoblastoma (el m\u00e1s com\u00fan en la infancia). Estas gafas tambi\u00e9n pueden retardar la aparici\u00f3n de cataratas y de DMAE (Degeneraci\u00f3n macular asociada a la edad). Existen diferentes tipos de lentes solares. Todas protegen de radiaciones UVB y UVA, pero el grado de opacidad y protecci\u00f3n ante infrarrojos var\u00eda seg\u00fan la actividad. Por ejemplo, en alta monta\u00f1a contamos con menos protecci\u00f3n de la atm\u00f3sfera, puesto que estamos m\u00e1s cerca del sol; por este motivo, se requieren lentes de categor\u00eda 4, es decir, las m\u00e1s oscuras y con la m\u00e1xima protecci\u00f3n a los infrarrojos (adem\u00e1s de tener que contar con efecto espejo si est\u00e1n destinadas a actividades en la nieve). En cambio, para actividades acu\u00e1ticas, las lentes de sol deben estar polarizadas y es suficiente con que sean de categor\u00eda 3. Se debe tener la costumbre de utilizar gafas de sol siempre que estemos en el exterior, para proteger, especialmente, a beb\u00e9s, ni\u00f1os y ni\u00f1as, independientemente de la temperatura y aunque el d\u00eda est\u00e9 nublado. El\u00a0 80 % de las patolog\u00edas retinianas que podemos sufrir a edades avanzadas se deben a las radiaciones UVA y UVB recibidas antes de los dieciocho a\u00f1os.<\/p>\n<\/div><div class=\"fusion-clearfix\"><\/div><\/div><\/div><\/div><\/div><\/p>\n","protected":false},"excerpt":{"rendered":"","protected":false},"author":1,"featured_media":764,"comment_status":"open","ping_status":"open","sticky":false,"template":"","format":"standard","meta":{"_joinchat":[],"footnotes":""},"categories":[10],"tags":[],"class_list":["post-632","post","type-post","status-publish","format-standard","has-post-thumbnail","hentry","category-consejos"],"yoast_head":"<!-- This site is optimized with the Yoast SEO plugin v27.0 - https:\/\/yoast.com\/product\/yoast-seo-wordpress\/ -->\n<title>La protecci\u00f3n solar en ni\u00f1os y ni\u00f1as - \ud83d\udc53 Rayo Optics<\/title>\n<meta name=\"robots\" content=\"index, follow, max-snippet:-1, max-image-preview:large, max-video-preview:-1\" \/>\n<link rel=\"canonical\" href=\"https:\/\/rayo-optics.com\/es\/la-proteccion-solar-en-ninos-y-ninas\" \/>\n<meta property=\"og:locale\" content=\"es_ES\" \/>\n<meta property=\"og:type\" content=\"article\" \/>\n<meta property=\"og:title\" content=\"La protecci\u00f3n solar en ni\u00f1os y ni\u00f1as - \ud83d\udc53 Rayo Optics\" \/>\n<meta property=\"og:url\" content=\"https:\/\/rayo-optics.com\/es\/la-proteccion-solar-en-ninos-y-ninas\" \/>\n<meta property=\"og:site_name\" content=\"\ud83d\udc53 Rayo Optics\" \/>\n<meta property=\"article:published_time\" content=\"2019-12-19T12:53:53+00:00\" \/>\n<meta property=\"article:modified_time\" content=\"2020-04-29T16:05:48+00:00\" \/>\n<meta property=\"og:image\" content=\"https:\/\/rayo-optics.com\/wp-content\/uploads\/2019\/12\/optimetria_infantil.jpg\" \/>\n\t<meta property=\"og:image:width\" content=\"1000\" \/>\n\t<meta property=\"og:image:height\" content=\"1532\" \/>\n\t<meta property=\"og:image:type\" content=\"image\/jpeg\" \/>\n<meta name=\"twitter:card\" content=\"summary_large_image\" \/>\n<meta name=\"twitter:label1\" content=\"Escrito por\" \/>\n\t<meta name=\"twitter:data1\" content=\"\" \/>\n\t<meta name=\"twitter:label2\" content=\"Tiempo de lectura\" \/>\n\t<meta name=\"twitter:data2\" content=\"5 minutos\" \/>\n<script type=\"application\/ld+json\" class=\"yoast-schema-graph\">{\"@context\":\"https:\/\/schema.org\",\"@graph\":[{\"@type\":\"Article\",\"@id\":\"https:\/\/rayo-optics.com\/es\/la-proteccion-solar-en-ninos-y-ninas#article\",\"isPartOf\":{\"@id\":\"https:\/\/rayo-optics.com\/es\/la-proteccion-solar-en-ninos-y-ninas\"},\"author\":{\"name\":\"\",\"@id\":\"\"},\"headline\":\"La protecci\u00f3n solar en ni\u00f1os y ni\u00f1as\",\"datePublished\":\"2019-12-19T12:53:53+00:00\",\"dateModified\":\"2020-04-29T16:05:48+00:00\",\"mainEntityOfPage\":{\"@id\":\"https:\/\/rayo-optics.com\/es\/la-proteccion-solar-en-ninos-y-ninas\"},\"wordCount\":1088,\"commentCount\":0,\"image\":{\"@id\":\"https:\/\/rayo-optics.com\/es\/la-proteccion-solar-en-ninos-y-ninas#primaryimage\"},\"thumbnailUrl\":\"https:\/\/rayo-optics.com\/wp-content\/uploads\/2019\/12\/optimetria_infantil.jpg\",\"articleSection\":[\"Consejos\"],\"inLanguage\":\"es\",\"potentialAction\":[{\"@type\":\"CommentAction\",\"name\":\"Comment\",\"target\":[\"https:\/\/rayo-optics.com\/es\/la-proteccion-solar-en-ninos-y-ninas#respond\"]}]},{\"@type\":\"WebPage\",\"@id\":\"https:\/\/rayo-optics.com\/es\/la-proteccion-solar-en-ninos-y-ninas\",\"url\":\"https:\/\/rayo-optics.com\/es\/la-proteccion-solar-en-ninos-y-ninas\",\"name\":\"La protecci\u00f3n solar en ni\u00f1os y ni\u00f1as - \ud83d\udc53 Rayo Optics\",\"isPartOf\":{\"@id\":\"https:\/\/rayo-optics.com\/#website\"},\"primaryImageOfPage\":{\"@id\":\"https:\/\/rayo-optics.com\/es\/la-proteccion-solar-en-ninos-y-ninas#primaryimage\"},\"image\":{\"@id\":\"https:\/\/rayo-optics.com\/es\/la-proteccion-solar-en-ninos-y-ninas#primaryimage\"},\"thumbnailUrl\":\"https:\/\/rayo-optics.com\/wp-content\/uploads\/2019\/12\/optimetria_infantil.jpg\",\"datePublished\":\"2019-12-19T12:53:53+00:00\",\"dateModified\":\"2020-04-29T16:05:48+00:00\",\"author\":{\"@id\":\"\"},\"breadcrumb\":{\"@id\":\"https:\/\/rayo-optics.com\/es\/la-proteccion-solar-en-ninos-y-ninas#breadcrumb\"},\"inLanguage\":\"es\",\"potentialAction\":[{\"@type\":\"ReadAction\",\"target\":[\"https:\/\/rayo-optics.com\/es\/la-proteccion-solar-en-ninos-y-ninas\"]}]},{\"@type\":\"ImageObject\",\"inLanguage\":\"es\",\"@id\":\"https:\/\/rayo-optics.com\/es\/la-proteccion-solar-en-ninos-y-ninas#primaryimage\",\"url\":\"https:\/\/rayo-optics.com\/wp-content\/uploads\/2019\/12\/optimetria_infantil.jpg\",\"contentUrl\":\"https:\/\/rayo-optics.com\/wp-content\/uploads\/2019\/12\/optimetria_infantil.jpg\",\"width\":1000,\"height\":1532},{\"@type\":\"BreadcrumbList\",\"@id\":\"https:\/\/rayo-optics.com\/es\/la-proteccion-solar-en-ninos-y-ninas#breadcrumb\",\"itemListElement\":[{\"@type\":\"ListItem\",\"position\":1,\"name\":\"Inici\",\"item\":\"https:\/\/rayo-optics.com\/es\"},{\"@type\":\"ListItem\",\"position\":2,\"name\":\"La protecci\u00f3n solar en ni\u00f1os y ni\u00f1as\"}]},{\"@type\":\"WebSite\",\"@id\":\"https:\/\/rayo-optics.com\/#website\",\"url\":\"https:\/\/rayo-optics.com\/\",\"name\":\"\ud83d\udc53 Rayo Optics\",\"description\":\"\u00d2ptica en les corts barcelona\",\"potentialAction\":[{\"@type\":\"SearchAction\",\"target\":{\"@type\":\"EntryPoint\",\"urlTemplate\":\"https:\/\/rayo-optics.com\/?s={search_term_string}\"},\"query-input\":{\"@type\":\"PropertyValueSpecification\",\"valueRequired\":true,\"valueName\":\"search_term_string\"}}],\"inLanguage\":\"es\"},{\"@type\":\"Person\",\"@id\":\"\",\"url\":\"https:\/\/rayo-optics.com\/es\/author\"}]}<\/script>\n<!-- \/ Yoast SEO plugin. -->","yoast_head_json":{"title":"La protecci\u00f3n solar en ni\u00f1os y ni\u00f1as - \ud83d\udc53 Rayo Optics","robots":{"index":"index","follow":"follow","max-snippet":"max-snippet:-1","max-image-preview":"max-image-preview:large","max-video-preview":"max-video-preview:-1"},"canonical":"https:\/\/rayo-optics.com\/es\/la-proteccion-solar-en-ninos-y-ninas","og_locale":"es_ES","og_type":"article","og_title":"La protecci\u00f3n solar en ni\u00f1os y ni\u00f1as - \ud83d\udc53 Rayo Optics","og_url":"https:\/\/rayo-optics.com\/es\/la-proteccion-solar-en-ninos-y-ninas","og_site_name":"\ud83d\udc53 Rayo Optics","article_published_time":"2019-12-19T12:53:53+00:00","article_modified_time":"2020-04-29T16:05:48+00:00","og_image":[{"width":1000,"height":1532,"url":"https:\/\/rayo-optics.com\/wp-content\/uploads\/2019\/12\/optimetria_infantil.jpg","type":"image\/jpeg"}],"twitter_card":"summary_large_image","twitter_misc":{"Escrito por":"","Tiempo de lectura":"5 minutos"},"schema":{"@context":"https:\/\/schema.org","@graph":[{"@type":"Article","@id":"https:\/\/rayo-optics.com\/es\/la-proteccion-solar-en-ninos-y-ninas#article","isPartOf":{"@id":"https:\/\/rayo-optics.com\/es\/la-proteccion-solar-en-ninos-y-ninas"},"author":{"name":"","@id":""},"headline":"La protecci\u00f3n solar en ni\u00f1os y ni\u00f1as","datePublished":"2019-12-19T12:53:53+00:00","dateModified":"2020-04-29T16:05:48+00:00","mainEntityOfPage":{"@id":"https:\/\/rayo-optics.com\/es\/la-proteccion-solar-en-ninos-y-ninas"},"wordCount":1088,"commentCount":0,"image":{"@id":"https:\/\/rayo-optics.com\/es\/la-proteccion-solar-en-ninos-y-ninas#primaryimage"},"thumbnailUrl":"https:\/\/rayo-optics.com\/wp-content\/uploads\/2019\/12\/optimetria_infantil.jpg","articleSection":["Consejos"],"inLanguage":"es","potentialAction":[{"@type":"CommentAction","name":"Comment","target":["https:\/\/rayo-optics.com\/es\/la-proteccion-solar-en-ninos-y-ninas#respond"]}]},{"@type":"WebPage","@id":"https:\/\/rayo-optics.com\/es\/la-proteccion-solar-en-ninos-y-ninas","url":"https:\/\/rayo-optics.com\/es\/la-proteccion-solar-en-ninos-y-ninas","name":"La protecci\u00f3n solar en ni\u00f1os y ni\u00f1as - \ud83d\udc53 Rayo Optics","isPartOf":{"@id":"https:\/\/rayo-optics.com\/#website"},"primaryImageOfPage":{"@id":"https:\/\/rayo-optics.com\/es\/la-proteccion-solar-en-ninos-y-ninas#primaryimage"},"image":{"@id":"https:\/\/rayo-optics.com\/es\/la-proteccion-solar-en-ninos-y-ninas#primaryimage"},"thumbnailUrl":"https:\/\/rayo-optics.com\/wp-content\/uploads\/2019\/12\/optimetria_infantil.jpg","datePublished":"2019-12-19T12:53:53+00:00","dateModified":"2020-04-29T16:05:48+00:00","author":{"@id":""},"breadcrumb":{"@id":"https:\/\/rayo-optics.com\/es\/la-proteccion-solar-en-ninos-y-ninas#breadcrumb"},"inLanguage":"es","potentialAction":[{"@type":"ReadAction","target":["https:\/\/rayo-optics.com\/es\/la-proteccion-solar-en-ninos-y-ninas"]}]},{"@type":"ImageObject","inLanguage":"es","@id":"https:\/\/rayo-optics.com\/es\/la-proteccion-solar-en-ninos-y-ninas#primaryimage","url":"https:\/\/rayo-optics.com\/wp-content\/uploads\/2019\/12\/optimetria_infantil.jpg","contentUrl":"https:\/\/rayo-optics.com\/wp-content\/uploads\/2019\/12\/optimetria_infantil.jpg","width":1000,"height":1532},{"@type":"BreadcrumbList","@id":"https:\/\/rayo-optics.com\/es\/la-proteccion-solar-en-ninos-y-ninas#breadcrumb","itemListElement":[{"@type":"ListItem","position":1,"name":"Inici","item":"https:\/\/rayo-optics.com\/es"},{"@type":"ListItem","position":2,"name":"La protecci\u00f3n solar en ni\u00f1os y ni\u00f1as"}]},{"@type":"WebSite","@id":"https:\/\/rayo-optics.com\/#website","url":"https:\/\/rayo-optics.com\/","name":"\ud83d\udc53 Rayo Optics","description":"\u00d2ptica en les corts barcelona","potentialAction":[{"@type":"SearchAction","target":{"@type":"EntryPoint","urlTemplate":"https:\/\/rayo-optics.com\/?s={search_term_string}"},"query-input":{"@type":"PropertyValueSpecification","valueRequired":true,"valueName":"search_term_string"}}],"inLanguage":"es"},{"@type":"Person","@id":"","url":"https:\/\/rayo-optics.com\/es\/author"}]}},"_links":{"self":[{"href":"https:\/\/rayo-optics.com\/es\/wp-json\/wp\/v2\/posts\/632","targetHints":{"allow":["GET"]}}],"collection":[{"href":"https:\/\/rayo-optics.com\/es\/wp-json\/wp\/v2\/posts"}],"about":[{"href":"https:\/\/rayo-optics.com\/es\/wp-json\/wp\/v2\/types\/post"}],"author":[{"embeddable":true,"href":"https:\/\/rayo-optics.com\/es\/wp-json\/wp\/v2\/users\/1"}],"replies":[{"embeddable":true,"href":"https:\/\/rayo-optics.com\/es\/wp-json\/wp\/v2\/comments?post=632"}],"version-history":[{"count":8,"href":"https:\/\/rayo-optics.com\/es\/wp-json\/wp\/v2\/posts\/632\/revisions"}],"predecessor-version":[{"id":643,"href":"https:\/\/rayo-optics.com\/es\/wp-json\/wp\/v2\/posts\/632\/revisions\/643"}],"wp:featuredmedia":[{"embeddable":true,"href":"https:\/\/rayo-optics.com\/es\/wp-json\/wp\/v2\/media\/764"}],"wp:attachment":[{"href":"https:\/\/rayo-optics.com\/es\/wp-json\/wp\/v2\/media?parent=632"}],"wp:term":[{"taxonomy":"category","embeddable":true,"href":"https:\/\/rayo-optics.com\/es\/wp-json\/wp\/v2\/categories?post=632"},{"taxonomy":"post_tag","embeddable":true,"href":"https:\/\/rayo-optics.com\/es\/wp-json\/wp\/v2\/tags?post=632"}],"curies":[{"name":"wp","href":"https:\/\/api.w.org\/{rel}","templated":true}]}}