{"id":630,"date":"2019-12-19T12:53:01","date_gmt":"2019-12-19T12:53:01","guid":{"rendered":"http:\/\/rayo-optics.com?p=630"},"modified":"2020-04-29T16:04:40","modified_gmt":"2020-04-29T16:04:40","slug":"la-ortoqueratologia-nocturna-en-ninos","status":"publish","type":"post","link":"https:\/\/rayo-optics.com\/es\/la-ortoqueratologia-nocturna-en-ninos","title":{"rendered":"La ortoqueratolog\u00eda nocturna en ni\u00f1os"},"content":{"rendered":"<p><div class=\"fusion-fullwidth fullwidth-box fusion-builder-row-1 fusion-parallax-none hundred-percent-fullwidth non-hundred-percent-height-scrolling\" style=\"background-color: rgba(255,255,255,0);background-image: url(&quot;http:\/\/rayo-optics.com\/wp-content\/uploads\/2019\/09\/optica_infantil.jpg&quot;);background-position: center center;background-repeat: no-repeat;padding-top:250px;padding-right:0px;padding-bottom:30px;padding-left:0px;margin-bottom: 0px;margin-top: 0px;border-width: 0px 0px 0px 0px;border-color:#eae9e9;border-style:solid;-webkit-background-size:cover;-moz-background-size:cover;-o-background-size:cover;background-size:cover;\" ><div class=\"fusion-builder-row fusion-row\"><div class=\"fusion-layout-column fusion_builder_column fusion-builder-column-0 fusion_builder_column_1_1 1_1 fusion-one-full fusion-column-first fusion-column-last\" style=\"margin-top:0px;margin-bottom:20px;\"><div class=\"fusion-column-wrapper fusion-flex-column-wrapper-legacy\" style=\"background-position:left top;background-repeat:no-repeat;-webkit-background-size:cover;-moz-background-size:cover;-o-background-size:cover;background-size:cover;padding: 0px 0px 0px 0px;\"><div class=\"fusion-clearfix\"><\/div><\/div><\/div><\/div><\/div><div class=\"fusion-fullwidth fullwidth-box fusion-builder-row-2 nonhundred-percent-fullwidth non-hundred-percent-height-scrolling\" style=\"background-color: rgba(255,255,255,0);background-position: center center;background-repeat: no-repeat;padding-top:0px;padding-right:0px;padding-bottom:0px;padding-left:0px;margin-bottom: 0px;margin-top: 0px;border-width: 0px 0px 0px 0px;border-color:#eae9e9;border-style:solid;\" ><div class=\"fusion-builder-row fusion-row\"><div class=\"fusion-layout-column fusion_builder_column fusion-builder-column-1 fusion_builder_column_1_1 1_1 fusion-one-full fusion-column-first fusion-column-last\" style=\"margin-top:0px;margin-bottom:20px;\"><div class=\"fusion-column-wrapper fusion-flex-column-wrapper-legacy\" style=\"background-position:left top;background-repeat:no-repeat;-webkit-background-size:cover;-moz-background-size:cover;-o-background-size:cover;background-size:cover;padding: 0px 0px 0px 0px;\"><div class=\"fusion-sep-clear\"><\/div><div class=\"fusion-separator fusion-full-width-sep\" style=\"margin-left: auto;margin-right: auto;margin-top:50px;width:100%;\"><\/div><div class=\"fusion-sep-clear\"><\/div><style type=\"text\/css\"><\/style><div class=\"fusion-title title fusion-title-1 fusion-sep-none fusion-title-text fusion-title-size-one\" style=\"margin-top:0px;margin-right:0px;margin-bottom:31px;margin-left:0px;\"><h1 class=\"title-heading-left\" style=\"margin:0;\"><p style=\"text-align: center;\">La ortoqueratolog\u00eda nocturna en ni\u00f1os<\/p><\/h1><\/div><div class=\"fusion-text fusion-text-1\"><p>En el art\u00edculo anterior os hablamos de la miop\u00eda y sus efectos en la visi\u00f3n y en la salud ocular. Tambi\u00e9n os recordamos la importancia de mantener una ergonom\u00eda correcta para evitar el desarrollo de problemas oculares. En este art\u00edculo explicaremos cu\u00e1l es el sistema m\u00e1s eficiente para corregir la miop\u00eda y, sobre todo, evitar que aumente.<\/p>\n<p>Cuando corregimos la miop\u00eda con gafas, lentes de contacto convencionales o cirug\u00eda refractiva, podemos obtener una visi\u00f3n limpia, pero no estamos aplicando ning\u00fan mecanismo de control en el ojo para evitar que la miop\u00eda siga aumentando. Actualmente, el tratamiento que mejor controla el aumento de ciertas miop\u00edas y astigmatismos, y que los corrige de manera permanente, es la ortoqueratolog\u00eda nocturna.<\/p>\n<p>Se trata de una t\u00e9cnica contactol\u00f3gica que corrige miop\u00edas de hasta 5 dioptr\u00edas y astigmatismos mi\u00f3picos de hasta 1,5 dioptr\u00edas. Esto se consigue mediante el uso de lentes de contacto especiales que permiten restablecer la curvatura ideal de la c\u00f3rnea. El usuario solo tiene que dormir con ellas y quit\u00e1rselas al levantarse. De esta manera, podr\u00e1 disfrutar de su capacidad de visi\u00f3n m\u00e1xima durante todo el d\u00eda, sin tener que utilizar ning\u00fan tipo de correcci\u00f3n \u00f3ptica adicional, como gafas o lentes de contacto.<\/p>\n<p>Primero, realizamos un estudio de salud ocular previo, graduamos el ojo para saber exactamente cu\u00e1l es el grado de miop\u00eda y astigmatismo (si hay) y realizamos topograf\u00edas corneales, lo cual nos permite calcular los par\u00e1metros de la lente de contacto que hemos de adaptar para obtener la m\u00e1xima visi\u00f3n. Dado el dise\u00f1o espec\u00edfico de estas lentes de contacto, podemos corregir la curvatura corneal y obtener una imagen n\u00edtida en la f\u00f3vea y la perif\u00f3vea, lo que controla el aumento de miop\u00eda. Esto supone que la ortoqueratolog\u00eda nocturna sea apropiada para preadolescentes y adolescentes a los que les comienza a aparecer miop\u00eda, ya que nos permite controlar el aumento de esta y evitar sus efectos patol\u00f3gicos, adem\u00e1s de facilitar una visi\u00f3n correcta durante todo el d\u00eda.<\/p>\n<p>Rayo \u00d2ptics es un centro especializado en contactolog\u00eda infantil. Adaptamos lentes de contacto terap\u00e9uticas y de correcci\u00f3n visual, de acuerdo con la necesidad de cada ni\u00f1o y ni\u00f1a.<\/p>\n<\/div><div class=\"fusion-clearfix\"><\/div><\/div><\/div><\/div><\/div><\/p>\n","protected":false},"excerpt":{"rendered":"","protected":false},"author":1,"featured_media":762,"comment_status":"open","ping_status":"open","sticky":false,"template":"","format":"standard","meta":{"_joinchat":[],"footnotes":""},"categories":[10],"tags":[],"class_list":["post-630","post","type-post","status-publish","format-standard","has-post-thumbnail","hentry","category-consejos"],"yoast_head":"<!-- This site is optimized with the Yoast SEO plugin v27.0 - https:\/\/yoast.com\/product\/yoast-seo-wordpress\/ -->\n<title>La ortoqueratolog\u00eda nocturna en ni\u00f1os - \ud83d\udc53 Rayo Optics<\/title>\n<meta name=\"robots\" content=\"index, follow, max-snippet:-1, max-image-preview:large, max-video-preview:-1\" \/>\n<link rel=\"canonical\" href=\"https:\/\/rayo-optics.com\/es\/la-ortoqueratologia-nocturna-en-ninos\" \/>\n<meta property=\"og:locale\" content=\"es_ES\" \/>\n<meta property=\"og:type\" content=\"article\" \/>\n<meta property=\"og:title\" content=\"La ortoqueratolog\u00eda nocturna en ni\u00f1os - \ud83d\udc53 Rayo Optics\" \/>\n<meta property=\"og:url\" content=\"https:\/\/rayo-optics.com\/es\/la-ortoqueratologia-nocturna-en-ninos\" \/>\n<meta property=\"og:site_name\" content=\"\ud83d\udc53 Rayo Optics\" \/>\n<meta property=\"article:published_time\" content=\"2019-12-19T12:53:01+00:00\" \/>\n<meta property=\"article:modified_time\" content=\"2020-04-29T16:04:40+00:00\" \/>\n<meta property=\"og:image\" content=\"https:\/\/rayo-optics.com\/wp-content\/uploads\/2019\/12\/consells_nens.jpg\" \/>\n\t<meta property=\"og:image:width\" content=\"2000\" \/>\n\t<meta property=\"og:image:height\" content=\"1339\" \/>\n\t<meta property=\"og:image:type\" content=\"image\/jpeg\" \/>\n<meta name=\"twitter:card\" content=\"summary_large_image\" \/>\n<meta name=\"twitter:label1\" content=\"Escrito por\" \/>\n\t<meta name=\"twitter:data1\" content=\"\" \/>\n\t<meta name=\"twitter:label2\" content=\"Tiempo de lectura\" \/>\n\t<meta name=\"twitter:data2\" content=\"5 minutos\" \/>\n<script type=\"application\/ld+json\" class=\"yoast-schema-graph\">{\"@context\":\"https:\/\/schema.org\",\"@graph\":[{\"@type\":\"Article\",\"@id\":\"https:\/\/rayo-optics.com\/es\/la-ortoqueratologia-nocturna-en-ninos#article\",\"isPartOf\":{\"@id\":\"https:\/\/rayo-optics.com\/es\/la-ortoqueratologia-nocturna-en-ninos\"},\"author\":{\"name\":\"\",\"@id\":\"\"},\"headline\":\"La ortoqueratolog\u00eda nocturna en ni\u00f1os\",\"datePublished\":\"2019-12-19T12:53:01+00:00\",\"dateModified\":\"2020-04-29T16:04:40+00:00\",\"mainEntityOfPage\":{\"@id\":\"https:\/\/rayo-optics.com\/es\/la-ortoqueratologia-nocturna-en-ninos\"},\"wordCount\":928,\"commentCount\":0,\"image\":{\"@id\":\"https:\/\/rayo-optics.com\/es\/la-ortoqueratologia-nocturna-en-ninos#primaryimage\"},\"thumbnailUrl\":\"https:\/\/rayo-optics.com\/wp-content\/uploads\/2019\/12\/consells_nens.jpg\",\"articleSection\":[\"Consejos\"],\"inLanguage\":\"es\",\"potentialAction\":[{\"@type\":\"CommentAction\",\"name\":\"Comment\",\"target\":[\"https:\/\/rayo-optics.com\/es\/la-ortoqueratologia-nocturna-en-ninos#respond\"]}]},{\"@type\":\"WebPage\",\"@id\":\"https:\/\/rayo-optics.com\/es\/la-ortoqueratologia-nocturna-en-ninos\",\"url\":\"https:\/\/rayo-optics.com\/es\/la-ortoqueratologia-nocturna-en-ninos\",\"name\":\"La ortoqueratolog\u00eda nocturna en ni\u00f1os - \ud83d\udc53 Rayo Optics\",\"isPartOf\":{\"@id\":\"https:\/\/rayo-optics.com\/#website\"},\"primaryImageOfPage\":{\"@id\":\"https:\/\/rayo-optics.com\/es\/la-ortoqueratologia-nocturna-en-ninos#primaryimage\"},\"image\":{\"@id\":\"https:\/\/rayo-optics.com\/es\/la-ortoqueratologia-nocturna-en-ninos#primaryimage\"},\"thumbnailUrl\":\"https:\/\/rayo-optics.com\/wp-content\/uploads\/2019\/12\/consells_nens.jpg\",\"datePublished\":\"2019-12-19T12:53:01+00:00\",\"dateModified\":\"2020-04-29T16:04:40+00:00\",\"author\":{\"@id\":\"\"},\"breadcrumb\":{\"@id\":\"https:\/\/rayo-optics.com\/es\/la-ortoqueratologia-nocturna-en-ninos#breadcrumb\"},\"inLanguage\":\"es\",\"potentialAction\":[{\"@type\":\"ReadAction\",\"target\":[\"https:\/\/rayo-optics.com\/es\/la-ortoqueratologia-nocturna-en-ninos\"]}]},{\"@type\":\"ImageObject\",\"inLanguage\":\"es\",\"@id\":\"https:\/\/rayo-optics.com\/es\/la-ortoqueratologia-nocturna-en-ninos#primaryimage\",\"url\":\"https:\/\/rayo-optics.com\/wp-content\/uploads\/2019\/12\/consells_nens.jpg\",\"contentUrl\":\"https:\/\/rayo-optics.com\/wp-content\/uploads\/2019\/12\/consells_nens.jpg\",\"width\":2000,\"height\":1339},{\"@type\":\"BreadcrumbList\",\"@id\":\"https:\/\/rayo-optics.com\/es\/la-ortoqueratologia-nocturna-en-ninos#breadcrumb\",\"itemListElement\":[{\"@type\":\"ListItem\",\"position\":1,\"name\":\"Inici\",\"item\":\"https:\/\/rayo-optics.com\/es\"},{\"@type\":\"ListItem\",\"position\":2,\"name\":\"La ortoqueratolog\u00eda nocturna en ni\u00f1os\"}]},{\"@type\":\"WebSite\",\"@id\":\"https:\/\/rayo-optics.com\/#website\",\"url\":\"https:\/\/rayo-optics.com\/\",\"name\":\"\ud83d\udc53 Rayo Optics\",\"description\":\"\u00d2ptica en les corts barcelona\",\"potentialAction\":[{\"@type\":\"SearchAction\",\"target\":{\"@type\":\"EntryPoint\",\"urlTemplate\":\"https:\/\/rayo-optics.com\/?s={search_term_string}\"},\"query-input\":{\"@type\":\"PropertyValueSpecification\",\"valueRequired\":true,\"valueName\":\"search_term_string\"}}],\"inLanguage\":\"es\"},{\"@type\":\"Person\",\"@id\":\"\",\"url\":\"https:\/\/rayo-optics.com\/es\/author\"}]}<\/script>\n<!-- \/ Yoast SEO plugin. -->","yoast_head_json":{"title":"La ortoqueratolog\u00eda nocturna en ni\u00f1os - \ud83d\udc53 Rayo Optics","robots":{"index":"index","follow":"follow","max-snippet":"max-snippet:-1","max-image-preview":"max-image-preview:large","max-video-preview":"max-video-preview:-1"},"canonical":"https:\/\/rayo-optics.com\/es\/la-ortoqueratologia-nocturna-en-ninos","og_locale":"es_ES","og_type":"article","og_title":"La ortoqueratolog\u00eda nocturna en ni\u00f1os - \ud83d\udc53 Rayo Optics","og_url":"https:\/\/rayo-optics.com\/es\/la-ortoqueratologia-nocturna-en-ninos","og_site_name":"\ud83d\udc53 Rayo Optics","article_published_time":"2019-12-19T12:53:01+00:00","article_modified_time":"2020-04-29T16:04:40+00:00","og_image":[{"width":2000,"height":1339,"url":"https:\/\/rayo-optics.com\/wp-content\/uploads\/2019\/12\/consells_nens.jpg","type":"image\/jpeg"}],"twitter_card":"summary_large_image","twitter_misc":{"Escrito por":"","Tiempo de lectura":"5 minutos"},"schema":{"@context":"https:\/\/schema.org","@graph":[{"@type":"Article","@id":"https:\/\/rayo-optics.com\/es\/la-ortoqueratologia-nocturna-en-ninos#article","isPartOf":{"@id":"https:\/\/rayo-optics.com\/es\/la-ortoqueratologia-nocturna-en-ninos"},"author":{"name":"","@id":""},"headline":"La ortoqueratolog\u00eda nocturna en ni\u00f1os","datePublished":"2019-12-19T12:53:01+00:00","dateModified":"2020-04-29T16:04:40+00:00","mainEntityOfPage":{"@id":"https:\/\/rayo-optics.com\/es\/la-ortoqueratologia-nocturna-en-ninos"},"wordCount":928,"commentCount":0,"image":{"@id":"https:\/\/rayo-optics.com\/es\/la-ortoqueratologia-nocturna-en-ninos#primaryimage"},"thumbnailUrl":"https:\/\/rayo-optics.com\/wp-content\/uploads\/2019\/12\/consells_nens.jpg","articleSection":["Consejos"],"inLanguage":"es","potentialAction":[{"@type":"CommentAction","name":"Comment","target":["https:\/\/rayo-optics.com\/es\/la-ortoqueratologia-nocturna-en-ninos#respond"]}]},{"@type":"WebPage","@id":"https:\/\/rayo-optics.com\/es\/la-ortoqueratologia-nocturna-en-ninos","url":"https:\/\/rayo-optics.com\/es\/la-ortoqueratologia-nocturna-en-ninos","name":"La ortoqueratolog\u00eda nocturna en ni\u00f1os - \ud83d\udc53 Rayo Optics","isPartOf":{"@id":"https:\/\/rayo-optics.com\/#website"},"primaryImageOfPage":{"@id":"https:\/\/rayo-optics.com\/es\/la-ortoqueratologia-nocturna-en-ninos#primaryimage"},"image":{"@id":"https:\/\/rayo-optics.com\/es\/la-ortoqueratologia-nocturna-en-ninos#primaryimage"},"thumbnailUrl":"https:\/\/rayo-optics.com\/wp-content\/uploads\/2019\/12\/consells_nens.jpg","datePublished":"2019-12-19T12:53:01+00:00","dateModified":"2020-04-29T16:04:40+00:00","author":{"@id":""},"breadcrumb":{"@id":"https:\/\/rayo-optics.com\/es\/la-ortoqueratologia-nocturna-en-ninos#breadcrumb"},"inLanguage":"es","potentialAction":[{"@type":"ReadAction","target":["https:\/\/rayo-optics.com\/es\/la-ortoqueratologia-nocturna-en-ninos"]}]},{"@type":"ImageObject","inLanguage":"es","@id":"https:\/\/rayo-optics.com\/es\/la-ortoqueratologia-nocturna-en-ninos#primaryimage","url":"https:\/\/rayo-optics.com\/wp-content\/uploads\/2019\/12\/consells_nens.jpg","contentUrl":"https:\/\/rayo-optics.com\/wp-content\/uploads\/2019\/12\/consells_nens.jpg","width":2000,"height":1339},{"@type":"BreadcrumbList","@id":"https:\/\/rayo-optics.com\/es\/la-ortoqueratologia-nocturna-en-ninos#breadcrumb","itemListElement":[{"@type":"ListItem","position":1,"name":"Inici","item":"https:\/\/rayo-optics.com\/es"},{"@type":"ListItem","position":2,"name":"La ortoqueratolog\u00eda nocturna en ni\u00f1os"}]},{"@type":"WebSite","@id":"https:\/\/rayo-optics.com\/#website","url":"https:\/\/rayo-optics.com\/","name":"\ud83d\udc53 Rayo Optics","description":"\u00d2ptica en les corts barcelona","potentialAction":[{"@type":"SearchAction","target":{"@type":"EntryPoint","urlTemplate":"https:\/\/rayo-optics.com\/?s={search_term_string}"},"query-input":{"@type":"PropertyValueSpecification","valueRequired":true,"valueName":"search_term_string"}}],"inLanguage":"es"},{"@type":"Person","@id":"","url":"https:\/\/rayo-optics.com\/es\/author"}]}},"_links":{"self":[{"href":"https:\/\/rayo-optics.com\/es\/wp-json\/wp\/v2\/posts\/630","targetHints":{"allow":["GET"]}}],"collection":[{"href":"https:\/\/rayo-optics.com\/es\/wp-json\/wp\/v2\/posts"}],"about":[{"href":"https:\/\/rayo-optics.com\/es\/wp-json\/wp\/v2\/types\/post"}],"author":[{"embeddable":true,"href":"https:\/\/rayo-optics.com\/es\/wp-json\/wp\/v2\/users\/1"}],"replies":[{"embeddable":true,"href":"https:\/\/rayo-optics.com\/es\/wp-json\/wp\/v2\/comments?post=630"}],"version-history":[{"count":3,"href":"https:\/\/rayo-optics.com\/es\/wp-json\/wp\/v2\/posts\/630\/revisions"}],"predecessor-version":[{"id":645,"href":"https:\/\/rayo-optics.com\/es\/wp-json\/wp\/v2\/posts\/630\/revisions\/645"}],"wp:featuredmedia":[{"embeddable":true,"href":"https:\/\/rayo-optics.com\/es\/wp-json\/wp\/v2\/media\/762"}],"wp:attachment":[{"href":"https:\/\/rayo-optics.com\/es\/wp-json\/wp\/v2\/media?parent=630"}],"wp:term":[{"taxonomy":"category","embeddable":true,"href":"https:\/\/rayo-optics.com\/es\/wp-json\/wp\/v2\/categories?post=630"},{"taxonomy":"post_tag","embeddable":true,"href":"https:\/\/rayo-optics.com\/es\/wp-json\/wp\/v2\/tags?post=630"}],"curies":[{"name":"wp","href":"https:\/\/api.w.org\/{rel}","templated":true}]}}